{"id":8488,"date":"2025-09-17T12:58:44","date_gmt":"2025-09-17T15:58:44","guid":{"rendered":"https:\/\/ilbelvedere.com\/um-novo-espaco-para-voce-aproveitar-durante-todo-o-ano\/"},"modified":"2025-09-19T12:49:36","modified_gmt":"2025-09-19T15:49:36","slug":"um-novo-espaco-para-voce-aproveitar-durante-todo-o-ano","status":"publish","type":"post","link":"https:\/\/ilbelvedere.com\/pt-br\/um-novo-espaco-para-voce-aproveitar-durante-todo-o-ano\/","title":{"rendered":"Um novo espa\u00e7o para voc\u00ea aproveitar durante todo o ano"},"content":{"rendered":"<div>No Il Belvedere, acreditamos que o descanso n\u00e3o depende do calend\u00e1rio ou do clima. \u00c9 por isso que, em nosso 20\u00ba anivers\u00e1rio, tivemos o prazer de adicionar um espa\u00e7o especial que permite que voc\u00ea aproveite Punta del Este durante todo o ano.<\/div>\n<div><\/div>\n<div>Nossa nova piscina coberta e aquecida est\u00e1 pronta para voc\u00ea fazer parte de sua estreia. Este \u00e9 um canto projetado para quem busca um momento de calma, para fam\u00edlias que gostam de compartilhar jogos na \u00e1gua ou para quem quer nadar sem se preocupar com o frio ou o vento.<\/div>\n<div><\/div>\n<div>O espa\u00e7o combina amplitude, luz natural e o aconchego caracter\u00edstico do Il Belvedere. \u00c9 um convite para voc\u00ea fazer uma pausa, relaxar e adicionar novas experi\u00eancias \u00e0 sua estadia.<\/div>\n<div><\/div>\n<div>Este novo servi\u00e7o se soma \u00e0s nossas propostas habituais e refor\u00e7a o que nos move h\u00e1 duas d\u00e9cadas: oferecer um lugar onde voc\u00ea possa aproveitar seu tempo livre com qualidade, natureza e conforto.<\/div>\n<div><\/div>\n<div>Esperamos que voc\u00ea venha estrear este novo cap\u00edtulo do Il Belvedere conosco.<\/div>\n<div><\/div>\n<p data-start=\"226\" data-end=\"442\"><strong data-start=\"1497\" data-end=\"1511\">Telefone:<\/strong> 4249 4817 &#8211; <a href=\"http:\/\/wa.me\/59893936923\">093 936 923<\/a><\/p>\n<p data-start=\"1107\" data-end=\"1183\"><strong data-start=\"1538\" data-end=\"1548\">E-mail:<\/strong> <a class=\"cursor-pointer\" rel=\"noopener\" data-start=\"1549\" data-end=\"1575\">informes@ilbelvedere.com.ar<\/a><\/p>\n","protected":false},"excerpt":{"rendered":"<p>No Il Belvedere, acreditamos que o descanso n\u00e3o depende do calend\u00e1rio ou do clima. \u00c9 por isso que, em nosso 20\u00ba anivers\u00e1rio, tivemos o prazer de adicionar um espa\u00e7o especial que permite que voc\u00ea aproveite Punta del Este durante todo o ano. Nossa nova piscina coberta e aquecida est\u00e1 pronta para voc\u00ea fazer parte de [&hellip;]<\/p>\n","protected":false},"author":2,"featured_media":8621,"comment_status":"closed","ping_status":"closed","sticky":false,"template":"","format":"standard","meta":{"_monsterinsights_skip_tracking":false,"_monsterinsights_sitenote_active":false,"_monsterinsights_sitenote_note":"","_monsterinsights_sitenote_category":0,"_joinchat":[],"footnotes":""},"categories":[54],"tags":[],"class_list":["post-8488","post","type-post","status-publish","format-standard","has-post-thumbnail","hentry","category-promocoes"],"aioseo_notices":[],"_links":{"self":[{"href":"https:\/\/ilbelvedere.com\/pt-br\/wp-json\/wp\/v2\/posts\/8488","targetHints":{"allow":["GET"]}}],"collection":[{"href":"https:\/\/ilbelvedere.com\/pt-br\/wp-json\/wp\/v2\/posts"}],"about":[{"href":"https:\/\/ilbelvedere.com\/pt-br\/wp-json\/wp\/v2\/types\/post"}],"author":[{"embeddable":true,"href":"https:\/\/ilbelvedere.com\/pt-br\/wp-json\/wp\/v2\/users\/2"}],"replies":[{"embeddable":true,"href":"https:\/\/ilbelvedere.com\/pt-br\/wp-json\/wp\/v2\/comments?post=8488"}],"version-history":[{"count":2,"href":"https:\/\/ilbelvedere.com\/pt-br\/wp-json\/wp\/v2\/posts\/8488\/revisions"}],"predecessor-version":[{"id":8536,"href":"https:\/\/ilbelvedere.com\/pt-br\/wp-json\/wp\/v2\/posts\/8488\/revisions\/8536"}],"wp:featuredmedia":[{"embeddable":true,"href":"https:\/\/ilbelvedere.com\/pt-br\/wp-json\/wp\/v2\/media\/8621"}],"wp:attachment":[{"href":"https:\/\/ilbelvedere.com\/pt-br\/wp-json\/wp\/v2\/media?parent=8488"}],"wp:term":[{"taxonomy":"category","embeddable":true,"href":"https:\/\/ilbelvedere.com\/pt-br\/wp-json\/wp\/v2\/categories?post=8488"},{"taxonomy":"post_tag","embeddable":true,"href":"https:\/\/ilbelvedere.com\/pt-br\/wp-json\/wp\/v2\/tags?post=8488"}],"curies":[{"name":"wp","href":"https:\/\/api.w.org\/{rel}","templated":true}]}}